{"id":749,"date":"2021-12-20T14:56:54","date_gmt":"2021-12-20T18:56:54","guid":{"rendered":"https:\/\/fase1.org\/mitos-y-realidades-del-emprendimiento\/"},"modified":"2021-12-20T14:56:54","modified_gmt":"2021-12-20T18:56:54","slug":"mitos-y-realidades-del-emprendimiento","status":"publish","type":"post","link":"https:\/\/fase1.org\/en\/mitos-y-realidades-del-emprendimiento\/","title":{"rendered":"Mitos y realidades del emprendimiento"},"content":{"rendered":"<div class=\"wpb-content-wrapper\"><p>[vc_row full_width=&#8221;stretch_row&#8221;][vc_column width=&#8221;1\/6&#8243;][\/vc_column][vc_column width=&#8221;2\/3&#8243;][vc_column_text]Emprender, startups, tener tu propio negocio: todas son palabras y frases que han dominado la conversaci\u00f3n de desarrollo econ\u00f3mico en Puerto Rico en los pasados a\u00f1os. Tener un negocio propio es un logro, una buena meta.<\/p>\n<p>Claro, esto no significa que sea un cuento de hadas. Por lo general, se requiere a\u00f1os de trabajo duro, ser constante, tener disciplina y estar listo para los fracasos para llegar al \u00e9xito. Ahora bien, hay mitos que provienen del miedo y que promueven que muchas personas se abstengan de lanzarse en este camino. Si alguno de estos mitos han pasado por tu mente, te damos la informaci\u00f3n correcta para que no permitas que te detengan.<\/p>\n<h3>Mito: Las ideas son solo para las personas creativas<\/h3>\n<h3 style=\"margin-bottom: 0;\">Realidad:<\/h3>\n<p>No es dif\u00edcil tener una gran idea. Lo dif\u00edcil es desarrollar h\u00e1bitos que te permitan generar ideas sobresalientes. Ded\u00edcale tiempo a <a href=\"https:\/\/www.inc.com\/kevin-daum\/7-ways-to-generate-great-ideas.html\" target=\"_blank\" rel=\"noopener\">actividades que estimulen tu cerebro<\/a>, como leer un libro, meditar, dar un paseo o incluso ver una pel\u00edcula para que pienses diferente. Piensa en qu\u00e9 temas te afectan d\u00eda a d\u00eda o que temas se repiten en tu trabajo para los cuales no encuentres soluci\u00f3n. Adem\u00e1s, rompe con tu rutina de vez en cuando para que reeval\u00faes lo que sucede en tu d\u00eda a d\u00eda y tengas nuevas perspectivas que te ayudar\u00e1n a desarrollar nuevas ideas. Para que se te ocurran ideas solo necesitas dedicar tu tiempo y esfuerzo.<\/p>\n<h3>Mito: Hay que nacer con las ganas de emprender<\/h3>\n<h3 style=\"margin-bottom: 0;\">Realidad:<\/h3>\n<p>Muchas personas pierden su oportunidad de comenzar sus negocios porque piensan que hay que nacer con las habilidades y destrezas para emprender. Mediante el trabajo duro, mentor\u00eda y enfrentando obst\u00e1culos, desarrollar\u00e1s las destrezas necesarias para iniciar tu emprendimiento.<\/p>\n<h3>Mito: Tienes que ser joven para emprender<\/h3>\n<h3 style=\"margin-bottom: 0;\">Realidad:<\/h3>\n<p>Cuando se trata de iniciar un negocio, <a href=\"https:\/\/neilpatel.com\/blog\/myths-about-entrepreneurs\/\" target=\"_blank\" rel=\"noopener\">la edad no importa<\/a>. Sin embargo, muchas personas ven la edad como una barrera para comenzar. Una de las razones para emprender puede ser que no est\u00e9s satisfecho con tu empleo actual y tienes la mentalidad, los fondos y los recursos necesarios para hacerlo.<\/p>\n<p>Es cierto que el inter\u00e9s de los j\u00f3venes por iniciar sus propios negocios est\u00e1 aumentando, adem\u00e1s de que tienen menos que perder. Sin embargo, la experiencia y madurez es una ventaja. El haber recorrido m\u00e1s en el mundo otorga paciencia y disciplina para llegar al \u00e9xito.<\/p>\n<h3>Mito: Para ser un emprendedor tienes que tener una gran idea bien formada<\/h3>\n<h3 style=\"margin-bottom: 0;\">Realidad:<\/h3>\n<p>Si no tienes una idea original, es posible que tengas miedo a iniciar tu propia empresa. Sin embargo, el emprendimiento no requiere inventar la rueda. No hay nada de malo en adoptar una idea que ya existe y hacer que funcione para ti. A menos que copies una marca comercial o patente puedes hacer lo que quieras.<\/p>\n<p>Para emprender no es requisito que la idea sea la m\u00e1s novedosa. Adem\u00e1s, puedes tener una idea brillante y a\u00fan fallar. Tu empresa no ser\u00e1 exitosa si no sabes c\u00f3mo generar dinero, administrar personal, presupuestar tus finanzas y comercializar tu marca. Un emprendedor no es necesariamente alguien a quien se le ocurre una nueva idea, producto o concepto innovador. Por ejemplo, si tienes un producto, servicio o invenci\u00f3n \u00fanico en su tipo. Las personas no apoyar\u00e1n tu negocio si no reciben un buen servicio. El emprendimiento es m\u00e1s que solo tener una gran idea. Si no se te ocurre una idea innovadora, busca formas de mejorar una idea existente.<\/p>\n<h3>Mito: Necesitas mucho dinero para empezar tu negocio<\/h3>\n<h3 style=\"margin-bottom: 0;\">Realidad:<\/h3>\n<p>No necesitas tener mucho dinero o capital para iniciar una empresa. Una manera m\u00e1s f\u00e1cil para comenzar un negocio es utilizar tus <a href=\"https:\/\/www.forbes.com\/sites\/carolinecastrillon\/2019\/06\/23\/5-common-myths-about-entrepreneurship-debunked\/?sh=663955092629\" target=\"_blank\" rel=\"noopener\">recursos personales<\/a> o encontrar herramientas econ\u00f3micas que te ayuden a lograrlo. Si no quieres buscar inversionistas para tu negocio, existen incubadoras y aceleradoras que ofrecen programas y asistencia financiera a startups. Tambi\u00e9n hay portales de crowdfunding como Kickstarter e Indiegogo que permiten recaudar dinero solicitando la ayuda de amigos, familiares y personas interesadas en invertir, principalmente a trav\u00e9s de las redes sociales. Asimismo, est\u00e1n las opciones de pr\u00e9stamos y subvenciones que, en muchas ocasiones, no se tiene que devolver el dinero que se recibe como parte de una subvenci\u00f3n.<\/p>\n<p>Finalmente, tienes la opci\u00f3n de comenzar tu negocio online. Por ejemplo, puedes crear tu propio website utilizando plataformas como Wix o Squarespace que son f\u00e1ciles de usar y te ofrecen muchas opciones de dise\u00f1o. Si por ahora no quieres montar tu propio website, puedes vender tus productos en los mercados en l\u00ednea, mejor conocido como \u201cmarketplaces\u201d como Ebay, Amazon o Etsy.<\/p>\n<p>En el mundo del emprendimiento, mitos como estos y muchos otros contin\u00faan deteniendo a personas a que comiencen su negocio. La \u00fanica forma de superarlos es simplemente negarse a creer en ellos. Una vez comiences a desmitificarlos, podr\u00e1s comenzar a emprender. Primero empieza familiariz\u00e1ndote con lo que conlleva el emprendimiento. Para esto, puedes escuchar podcasts como <a href=\"https:\/\/podcasts.apple.com\/us\/podcast\/mentores-en-l%C3%ADnea\/id1485138087\" target=\"_blank\" rel=\"noopener\">Mentores en L\u00ednea<\/a> o <a href=\"https:\/\/podcasts.apple.com\/us\/podcast\/el-enfoque-emprendedor-podcast\/id1564379146\" target=\"_blank\" rel=\"noopener\">Enfoque Emprendedor<\/a>. Tambi\u00e9n, existen programas de incubadoras como <a href=\"https:\/\/guayacan.org\/our-programs\/i-corps-puerto-rico\/\" target=\"_blank\" rel=\"noopener\">iCorps<\/a>, <a href=\"https:\/\/www.centroparaemprendedores.org\/preaceleradora\" target=\"_blank\" rel=\"noopener\">N\u00facleo<\/a> y <a href=\"https:\/\/fase1.org\/en\/\">Fase1<\/a> que tienen como objetivo ayudarte a validar y desarrollar tu idea para luego convertirla en un negocio escalable.<\/p>\n<p>Si ya sientes que puedes empezar a emprender, te dejamos con algunos t\u00e9rminos comunes de emprendimiento para que te vayas incluy\u00e9ndolos a tu vocabulario:<\/p>\n<ul>\n<li>Emprender- el acto de convertir una idea a un negocio<\/li>\n<li>Prototipo- versi\u00f3n m\u00e1s b\u00e1sica de tu producto que representar\u00e1 c\u00f3mo funcionar\u00eda<\/li>\n<li>Startup- Una empresa de gran impacto con capacidad de crecimiento r\u00e1pido. Normalmente, tiene un componente tecnol\u00f3gico y se define por una idea \u00fanica, innovadora y escalable.<\/li>\n<li>Incubadora de startups- Proporciona espacio de trabajo, metor\u00eda y servicios de apoyo a emprendedores y empresas en etapa inicial.<\/li>\n<\/ul>\n<h3>Referencias:<\/h3>\n<p><a href=\"https:\/\/neilpatel.com\/blog\/myths-about-entrepreneurs\/\" target=\"_blank\" rel=\"noopener\">https:\/\/neilpatel.com\/blog\/myths-about-entrepreneurs<\/a><\/p>\n<p><a href=\"https:\/\/www.forbes.com\/sites\/carolinecastrillon\/2019\/06\/23\/5-common-myths-about-entrepreneurship-debunked\/?sh=3c85cb8c2629\" target=\"_blank\" rel=\"noopener\">https:\/\/www.forbes.com\/sites\/carolinecastrillon\/2019\/06\/23\/5-common-myths-about-entrepreneurship-debunked\/?sh=3c85cb8c2629<\/a><\/p>\n<p><a href=\"https:\/\/medium.com\/@KeithKrach\/10-of-the-most-common-entrepreneurship-myths-e241e51e9e2f\" target=\"_blank\" rel=\"noopener\">https:\/\/medium.com\/@KeithKrach\/10-of-the-most-common-entrepreneurship-myths-e241e51e9e2f<\/a><\/p>\n<p><a href=\"https:\/\/www.inc.com\/kevin-daum\/7-ways-to-generate-great-ideas.html\" target=\"_blank\" rel=\"noopener\">https:\/\/www.inc.com\/kevin-daum\/7-ways-to-generate-great-ideas.html<\/a><\/p>\n<p><a href=\"https:\/\/www.canva.com\/learn\/13-ways-generate-new-ideas\/\" target=\"_blank\" rel=\"noopener\">https:\/\/www.canva.com\/learn\/13-ways-generate-new-ideas<\/a>[\/vc_column_text][\/vc_column][vc_column width=&#8221;1\/6&#8243;][\/vc_column][\/vc_row][vc_row full_width=&#8221;stretch_row_content_no_spaces&#8221; disable_element=&#8221;yes&#8221; css=&#8221;.vc_custom_1640025929183{border-top-width: 2px !important;border-bottom-width: 2px !important;background-image: url(https:\/\/fase1.org\/wp-content\/uploads\/2021\/10\/grid-bg-01.png?id=257) !important;background-position: 0 0 !important;background-repeat: repeat !important;border-top-color: #e6e6e6 !important;border-top-style: dashed !important;border-bottom-color: #e6e6e6 !important;border-bottom-style: dashed !important;}&#8221; el_class=&#8221;repeat-row&#8221;][vc_column css=&#8221;.vc_custom_1636993116265{margin-bottom: 2px !important;border-bottom-width: 2px !important;border-bottom-color: #5b00ea !important;border-bottom-style: solid !important;}&#8221;][vc_column_text]<\/p>\n<h3 style=\"text-align: center;\">Solicita a Fase1 y no te intimides:<\/h3>\n<p>[\/vc_column_text][\/vc_column][\/vc_row][vc_row content_placement=&#8221;middle&#8221; disable_element=&#8221;yes&#8221; css=&#8221;.vc_custom_1640025933302{border-bottom-width: 2px !important;padding-top: 32px !important;border-bottom-color: #e6e6e6 !important;border-bottom-style: dashed !important;}&#8221;][vc_column width=&#8221;1\/12&#8243; css=&#8221;.vc_custom_1637000022066{padding-top: 0px !important;}&#8221;][\/vc_column][vc_column width=&#8221;5\/6&#8243;][vc_row_inner][vc_column_inner width=&#8221;1\/3&#8243;][vc_single_image image=&#8221;268&#8243; img_size=&#8221;full&#8221; alignment=&#8221;center&#8221; css=&#8221;.vc_custom_1636999773602{margin-bottom: 0px !important;padding-bottom: 0px !important;}&#8221;][\/vc_column_inner][vc_column_inner width=&#8221;1\/3&#8243;][vc_single_image image=&#8221;267&#8243; img_size=&#8221;full&#8221; alignment=&#8221;center&#8221; css=&#8221;.vc_custom_1636999777754{margin-bottom: 0px !important;padding-bottom: 0px !important;}&#8221;][\/vc_column_inner][vc_column_inner width=&#8221;1\/3&#8243;][vc_single_image image=&#8221;266&#8243; img_size=&#8221;full&#8221; alignment=&#8221;center&#8221; css=&#8221;.vc_custom_1636999782676{margin-bottom: 0px !important;padding-bottom: 0px !important;}&#8221;][\/vc_column_inner][\/vc_row_inner][vc_row_inner content_placement=&#8221;middle&#8221; disable_element=&#8221;yes&#8221;][vc_column_inner width=&#8221;1\/4&#8243;][vc_column_text css=&#8221;.vc_custom_1636997379464{margin-bottom: 0px !important;}&#8221;]<\/p>\n<h3>Por tu edad<\/h3>\n<p>[\/vc_column_text][vc_column_text css=&#8221;.vc_custom_1636997384410{margin-bottom: 0px !important;}&#8221;]seas estudiante, adulto trabajador o retirado, los m\u00f3dulos que hemos preparados son sencillos y amenos para todos;[\/vc_column_text][\/vc_column_inner][vc_column_inner width=&#8221;1\/12&#8243;][vc_single_image image=&#8221;261&#8243; img_size=&#8221;full&#8221; alignment=&#8221;center&#8221; css=&#8221;.vc_custom_1636997393223{margin-bottom: 0px !important;}&#8221;][\/vc_column_inner][vc_column_inner width=&#8221;1\/4&#8243;][vc_column_text css=&#8221;.vc_custom_1636997389464{margin-bottom: 0px !important;}&#8221;]<\/p>\n<h3>Porque tu agenda est\u00e1 apretada<\/h3>\n<p>[\/vc_column_text][vc_column_text]Fase1 no tiene fecha l\u00edmite de comienzo o fin, por lo que puedes ver los m\u00f3dulos cuando tengas tiempo. Los videos son cortos y al grano, para que el tiempo no sea una limitaci\u00f3n;[\/vc_column_text][\/vc_column_inner][vc_column_inner width=&#8221;1\/12&#8243;][vc_single_image image=&#8221;261&#8243; img_size=&#8221;full&#8221; alignment=&#8221;center&#8221; css=&#8221;.vc_custom_1636997397276{margin-bottom: 0px !important;}&#8221;][\/vc_column_inner][vc_column_inner width=&#8221;1\/4&#8243;][vc_column_text css=&#8221;.vc_custom_1636997401821{margin-bottom: 0px !important;}&#8221;]<\/p>\n<h3>Porque emprender es dif\u00edcil<\/h3>\n<p>[\/vc_column_text][vc_column_text css=&#8221;.vc_custom_1636997405621{margin-bottom: 0px !important;}&#8221;]Suscribirte a Fase1 y comenzar nuestros m\u00f3dulo NO te obliga a tener que crear un emprendimiento. De hecho, puedes hasta comenzar sin una idea. Nuestro prop\u00f3sito es proveer educaci\u00f3n gratuita para que determines si el emprendimiento es tu camino. \u00a1Esperamos que s\u00ed![\/vc_column_text][\/vc_column_inner][vc_column_inner width=&#8221;1\/12&#8243;][\/vc_column_inner][\/vc_row_inner][\/vc_column][vc_column width=&#8221;1\/12&#8243; css=&#8221;.vc_custom_1637000027308{padding-top: 0px !important;}&#8221;][\/vc_column][\/vc_row][vc_row disable_element=&#8221;yes&#8221;][vc_column width=&#8221;1\/4&#8243;][\/vc_column][vc_column width=&#8221;1\/2&#8243;][vc_column_text]\u201cFase1 tiene como objetivo hacer que la educaci\u00f3n en emprendimiento de calidad sea accesible a todos. Para esto, hemos dise\u00f1ado m\u00f3dulos sencillos, gratuitos y que pueden accederse en l\u00ednea en cualquier momento, con el prop\u00f3sito de eliminar las barreras de entrada al mundo empresarial\u201d, expres\u00f3 la directora del programa, Cristina Tamayo.[\/vc_column_text][\/vc_column][vc_column width=&#8221;1\/4&#8243;][\/vc_column][\/vc_row][vc_row disable_element=&#8221;yes&#8221;][vc_column width=&#8221;1\/6&#8243;][\/vc_column][vc_column width=&#8221;2\/3&#8243;][vc_column_text]Por su parte, la Principal Oficial Ejecutiva del FCTI expres\u00f3 su alegr\u00eda con el lanzamiento de este programa. \u200b\u200b\u201cNos enorgullece poder implementar el programa Fase1, pues es la pieza que faltaba para completar la ruta de empresarismo del Fideicomiso. Esta nueva iniciativa ayuda a preparar emprendimientos para que puedan cualificar a <a href=\"https:\/\/elboricuaselasinventa.com\/\" target=\"_blank\" rel=\"noopener\">pre18<\/a>, mientras que le da un lugar nuevo a <a href=\"https:\/\/www.colmena66.com\/\" target=\"_blank\" rel=\"noopener\">Colmena66<\/a> para referir a aquellos que llegan a su programa buscando emprender\u201d, coment\u00f3 Lucy Crespo, Principal Oficial Ejecutiva del FCTIPR. \u201cEsta tarea es c\u00f3nsona con la misi\u00f3n del Fideicomiso de invertir, facilitar y desarrollar las capacidades necesarias para avanzar la econom\u00eda de Puerto Rico y el bienestar de sus ciudadanos. Estamos confiados en que contamos con la experiencia, la tecnolog\u00eda, los recursos, y la agilidad necesaria para llevar a cabo esta encomienda de manera exitosa brindando un robusto impulso a la econom\u00eda de Puerto Rico\u201d.[\/vc_column_text][\/vc_column][vc_column width=&#8221;1\/6&#8243;][\/vc_column][\/vc_row][vc_section full_width=&#8221;stretch_row&#8221; disable_element=&#8221;yes&#8221; css=&#8221;.vc_custom_1640025953532{background-color: #00123a !important;background-position: center !important;background-repeat: no-repeat !important;background-size: cover !important;}&#8221;][vc_row equal_height=&#8221;yes&#8221; content_placement=&#8221;middle&#8221; css=&#8221;.vc_custom_1636486006910{padding-top: 24px !important;padding-bottom: 24px !important;}&#8221; el_class=&#8221;desktop-only&#8221;][vc_column width=&#8221;1\/12&#8243;][\/vc_column][vc_column width=&#8221;5\/12&#8243;][vc_column_text el_class=&#8221;white text-align-left-mobile&#8221;]<\/p>\n<p style=\"text-align: right;\">Fase1 te prepara para participar de cualquier programa de preacelaraci\u00f3n y completa la ruta del empresarismo del Fideicomiso para Ciencia, Tecnolog\u00eda e Investigaci\u00f3n de Puerto Rico.<\/p>\n<p>[\/vc_column_text][\/vc_column][vc_column width=&#8221;5\/12&#8243;][vc_single_image image=&#8221;66&#8243; img_size=&#8221;full&#8221;][\/vc_column][vc_column width=&#8221;1\/12&#8243;][\/vc_column][\/vc_row][vc_row full_width=&#8221;stretch_row_content_no_spaces&#8221; equal_height=&#8221;yes&#8221; content_placement=&#8221;middle&#8221; el_class=&#8221;desktop-only&#8221;][vc_column][vc_single_image image=&#8221;104&#8243; img_size=&#8221;full&#8221; alignment=&#8221;center&#8221;][\/vc_column][\/vc_row][vc_row full_width=&#8221;stretch_row&#8221; equal_height=&#8221;yes&#8221; content_placement=&#8221;middle&#8221; css=&#8221;.vc_custom_1636485996896{margin-top: -62px !important;}&#8221; el_class=&#8221;desktop-only&#8221;][vc_column][vc_row_inner content_placement=&#8221;bottom&#8221;][vc_column_inner width=&#8221;1\/12&#8243;][vc_single_image image=&#8221;102&#8243; img_size=&#8221;full&#8221; alignment=&#8221;center&#8221;][\/vc_column_inner][vc_column_inner width=&#8221;1\/12&#8243;][vc_single_image image=&#8221;103&#8243; img_size=&#8221;full&#8221; alignment=&#8221;center&#8221;][\/vc_column_inner][vc_column_inner width=&#8221;1\/12&#8243;][vc_single_image image=&#8221;269&#8243; img_size=&#8221;full&#8221; alignment=&#8221;center&#8221;][\/vc_column_inner][vc_column_inner width=&#8221;1\/12&#8243;][vc_single_image image=&#8221;103&#8243; img_size=&#8221;full&#8221;][\/vc_column_inner][vc_column_inner width=&#8221;1\/12&#8243;][vc_single_image image=&#8221;270&#8243; img_size=&#8221;full&#8221; alignment=&#8221;center&#8221;][\/vc_column_inner][vc_column_inner width=&#8221;1\/12&#8243;][vc_single_image image=&#8221;103&#8243; img_size=&#8221;full&#8221; alignment=&#8221;center&#8221;][\/vc_column_inner][vc_column_inner width=&#8221;1\/12&#8243;][vc_single_image image=&#8221;98&#8243; img_size=&#8221;full&#8221; alignment=&#8221;center&#8221;][\/vc_column_inner][vc_column_inner width=&#8221;1\/12&#8243;][vc_single_image image=&#8221;103&#8243; img_size=&#8221;full&#8221; alignment=&#8221;center&#8221;][\/vc_column_inner][vc_column_inner width=&#8221;3\/12&#8243;][vc_single_image image=&#8221;107&#8243; img_size=&#8221;full&#8221; alignment=&#8221;center&#8221;][\/vc_column_inner][vc_column_inner width=&#8221;1\/12&#8243;][\/vc_column_inner][\/vc_row_inner][\/vc_column][\/vc_row][vc_row full_width=&#8221;stretch_row&#8221; equal_height=&#8221;yes&#8221; content_placement=&#8221;bottom&#8221; css=&#8221;.vc_custom_1636489231051{margin-top: -62px !important;}&#8221; el_class=&#8221;mobile-only mobile-steps-section&#8221;][vc_column][vc_row_inner equal_height=&#8221;yes&#8221; content_placement=&#8221;bottom&#8221;][vc_column_inner width=&#8221;1\/3&#8243;][vc_single_image image=&#8221;281&#8243; img_size=&#8221;full&#8221; alignment=&#8221;center&#8221; css=&#8221;.vc_custom_1637077781199{padding-top: 32px !important;}&#8221;][\/vc_column_inner][vc_column_inner width=&#8221;2\/3&#8243;][vc_column_text el_class=&#8221;white text-align-left-mobile&#8221;]<\/p>\n<p style=\"text-align: right;\">Fase1 te prepara para participar de cualquier programa de preacelaraci\u00f3n y completa la ruta del empresarismo del Fideicomiso para Ciencia, Tecnolog\u00eda e Investigaci\u00f3n de Puerto Rico.<\/p>\n<p>[\/vc_column_text][vc_single_image image=&#8221;66&#8243; img_size=&#8221;full&#8221;][\/vc_column_inner][\/vc_row_inner][vc_row_inner content_placement=&#8221;bottom&#8221;][vc_column_inner][vc_single_image image=&#8221;157&#8243; img_size=&#8221;full&#8221; alignment=&#8221;center&#8221;][\/vc_column_inner][\/vc_row_inner][\/vc_column][\/vc_row][\/vc_section][vc_row disable_element=&#8221;yes&#8221; css=&#8221;.vc_custom_1640025969135{border-bottom-width: 2px !important;padding-top: 32px !important;padding-bottom: 48px !important;border-bottom-color: #e6e6e6 !important;border-bottom-style: dashed !important;}&#8221;][vc_column width=&#8221;1\/6&#8243;][\/vc_column][vc_column width=&#8221;2\/3&#8243;][vc_column_text]<\/p>\n<h3>\u00bfC\u00f3mo funciona el programa?<\/h3>\n<p>[\/vc_column_text][vc_column_text]El programa, que tambi\u00e9n forma parte del Programa de Incubadoras y Aceleradoras de Peque\u00f1as Empresas del Departamento de la Vivienda de Puerto Rico, bajo el programa de fondos CDBG-DR, se dividir\u00e1 en dos etapas: Fase1 Lab y Fase1 Intensive.<\/p>\n<h3>Fase1 Lab<\/h3>\n<p>La primera, Fase1 Lab, proporcionar\u00e1 m\u00f3dulos en l\u00ednea y est\u00e1 dise\u00f1ada para que cualquier persona aprenda sobre c\u00f3mo desarrollar una empresa exitosa, innovadora y escalable. Una vez los participantes completen los m\u00f3dulos, tendr\u00e1n la oportunidad de solicitar a Fase1 Intensive.<\/p>\n<h3>Fase1 Intensive<\/h3>\n<p>Esta segunda etapa es un programa de incubaci\u00f3n gratuito que ocurrir\u00e1 una vez al a\u00f1o y que abre espacio para que hasta 50 emprendedores que hayan completado los m\u00f3dulos de Fase1 Lab, puedan pasar por un curr\u00edculo de 12 semanas y preparar la versi\u00f3n m\u00ednima viable de su idea. Este curr\u00edculo ser\u00e1 h\u00edbrido y comprender\u00e1 de sesiones de mentor\u00eda con especialistas internacionales y sesiones grupales.[\/vc_column_text][\/vc_column][vc_column width=&#8221;1\/6&#8243;][\/vc_column][\/vc_row][vc_row full_width=&#8221;stretch_row_content&#8221; disable_element=&#8221;yes&#8221;][vc_column][vc_column_text]<\/p>\n<h2 style=\"text-align: center;\">Tu ruta hacia el emprendimiento<\/h2>\n<p>[\/vc_column_text][vc_single_image image=&#8221;260&#8243; img_size=&#8221;full&#8221; alignment=&#8221;center&#8221;][\/vc_column][\/vc_row][vc_row disable_element=&#8221;yes&#8221;][vc_column width=&#8221;1\/4&#8243;][\/vc_column][vc_column width=&#8221;1\/2&#8243;][vc_column_text]\u201cConceptualizamos Fase1 para democratizar el acceso a educaci\u00f3n empresarial y hacerla accesible a todes, desde madres trabajadoras con tiempo limitado y estudiantes a punto de graduarse, hasta adultos mayores que busquen utilizar las destrezas aprendidas en su vida laboral con otros prop\u00f3sitos, sin importar su nivel socioecon\u00f3mico\u201d, a\u00f1adi\u00f3 Tamayo.<\/p>\n<p>La incubadora tendr\u00e1 su sede en Santurce, en el Edificio San Jos\u00e9, donde mismo est\u00e1n establecidos los programas parallel18 y pre18. La expectativa es que el lugar tenga espacio de prototipado y de trabajo para los participantes.[\/vc_column_text][\/vc_column][vc_column width=&#8221;1\/4&#8243;][\/vc_column][\/vc_row][vc_row disable_element=&#8221;yes&#8221;][vc_column width=&#8221;1\/4&#8243;][\/vc_column][vc_column width=&#8221;1\/2&#8243;][vc_column_text]<\/p>\n<h4 style=\"text-align: center;\">\u00bfListo para convertir tu idea en negocio? Solicita aqu\u00ed.<\/h4>\n<p>[\/vc_column_text][vc_btn title=&#8221;Solicita aqu\u00ed&#8221; style=&#8221;flat&#8221; color=&#8221;blue&#8221; align=&#8221;center&#8221; link=&#8221;url:https%3A%2F%2Ffase1.org%2Fregistrate%2F|title:Reg%C3%ADstrate&#8221;][\/vc_column][vc_column width=&#8221;1\/4&#8243;][\/vc_column][\/vc_row]<\/p>\n<\/div>","protected":false},"excerpt":{"rendered":"<p>[vc_row full_width=&#8221;stretch_row&#8221;][vc_column width=&#8221;1\/6&#8243;][\/vc_column][vc_column width=&#8221;2\/3&#8243;][vc_column_text]Emprender, startups, tener tu propio negocio: todas son palabras y frases que han [&hellip;]<\/p>\n","protected":false},"author":1,"featured_media":582,"comment_status":"closed","ping_status":"closed","sticky":false,"template":"","format":"standard","meta":{"content-type":"","site-sidebar-layout":"default","site-content-layout":"default","ast-site-content-layout":"default","site-content-style":"default","site-sidebar-style":"default","ast-global-header-display":"","ast-banner-title-visibility":"","ast-main-header-display":"","ast-hfb-above-header-display":"","ast-hfb-below-header-display":"","ast-hfb-mobile-header-display":"","site-post-title":"","ast-breadcrumbs-content":"","ast-featured-img":"","footer-sml-layout":"","ast-disable-related-posts":"","theme-transparent-header-meta":"default","adv-header-id-meta":"","stick-header-meta":"default","header-above-stick-meta":"","header-main-stick-meta":"","header-below-stick-meta":"","astra-migrate-meta-layouts":"default","ast-page-background-enabled":"default","ast-page-background-meta":{"desktop":{"background-color":"var(--ast-global-color-4)","background-image":"","background-repeat":"repeat","background-position":"center center","background-size":"auto","background-attachment":"scroll","background-type":"","background-media":"","overlay-type":"","overlay-color":"","overlay-opacity":"","overlay-gradient":""},"tablet":{"background-color":"","background-image":"","background-repeat":"repeat","background-position":"center center","background-size":"auto","background-attachment":"scroll","background-type":"","background-media":"","overlay-type":"","overlay-color":"","overlay-opacity":"","overlay-gradient":""},"mobile":{"background-color":"","background-image":"","background-repeat":"repeat","background-position":"center center","background-size":"auto","background-attachment":"scroll","background-type":"","background-media":"","overlay-type":"","overlay-color":"","overlay-opacity":"","overlay-gradient":""}},"ast-content-background-meta":{"desktop":{"background-color":"var(--ast-global-color-5)","background-image":"","background-repeat":"repeat","background-position":"center center","background-size":"auto","background-attachment":"scroll","background-type":"","background-media":"","overlay-type":"","overlay-color":"","overlay-opacity":"","overlay-gradient":""},"tablet":{"background-color":"var(--ast-global-color-5)","background-image":"","background-repeat":"repeat","background-position":"center center","background-size":"auto","background-attachment":"scroll","background-type":"","background-media":"","overlay-type":"","overlay-color":"","overlay-opacity":"","overlay-gradient":""},"mobile":{"background-color":"var(--ast-global-color-5)","background-image":"","background-repeat":"repeat","background-position":"center center","background-size":"auto","background-attachment":"scroll","background-type":"","background-media":"","overlay-type":"","overlay-color":"","overlay-opacity":"","overlay-gradient":""}},"footnotes":""},"categories":[7],"tags":[],"class_list":["post-749","post","type-post","status-publish","format-standard","has-post-thumbnail","hentry","category-uncategorized"],"yoast_head":"<!-- This site is optimized with the Yoast SEO plugin v27.2 - https:\/\/yoast.com\/product\/yoast-seo-wordpress\/ -->\n<title>Mitos y realidades del emprendimiento - Fase1<\/title>\n<meta name=\"robots\" content=\"index, follow, max-snippet:-1, max-image-preview:large, max-video-preview:-1\" \/>\n<link rel=\"canonical\" href=\"https:\/\/fase1.org\/en\/mitos-y-realidades-del-emprendimiento\/\" \/>\n<meta property=\"og:locale\" content=\"en_US\" \/>\n<meta property=\"og:type\" content=\"article\" \/>\n<meta property=\"og:title\" content=\"Mitos y realidades del emprendimiento - Fase1\" \/>\n<meta property=\"og:description\" content=\"[vc_row full_width=&#8221;stretch_row&#8221;][vc_column width=&#8221;1\/6&#8243;][\/vc_column][vc_column width=&#8221;2\/3&#8243;][vc_column_text]Emprender, startups, tener tu propio negocio: todas son palabras y frases que han [&hellip;]\" \/>\n<meta property=\"og:url\" content=\"https:\/\/fase1.org\/en\/mitos-y-realidades-del-emprendimiento\/\" \/>\n<meta property=\"og:site_name\" content=\"Fase1\" \/>\n<meta property=\"article:published_time\" content=\"2021-12-20T18:56:54+00:00\" \/>\n<meta property=\"og:image\" content=\"https:\/\/fase1.org\/wp-content\/uploads\/2021\/11\/Fase1_OpenGraph.jpg\" \/>\n\t<meta property=\"og:image:width\" content=\"1200\" \/>\n\t<meta property=\"og:image:height\" content=\"628\" \/>\n\t<meta property=\"og:image:type\" content=\"image\/jpeg\" \/>\n<meta name=\"author\" content=\"fase1\" \/>\n<meta name=\"twitter:card\" content=\"summary_large_image\" \/>\n<meta name=\"twitter:label1\" content=\"Written by\" \/>\n\t<meta name=\"twitter:data1\" content=\"fase1\" \/>\n\t<meta name=\"twitter:label2\" content=\"Est. reading time\" \/>\n\t<meta name=\"twitter:data2\" content=\"14 minutes\" \/>\n<script type=\"application\/ld+json\" class=\"yoast-schema-graph\">{\"@context\":\"https:\/\/schema.org\",\"@graph\":[{\"@type\":\"Article\",\"@id\":\"https:\/\/fase1.org\/en\/mitos-y-realidades-del-emprendimiento\/#article\",\"isPartOf\":{\"@id\":\"https:\/\/fase1.org\/en\/mitos-y-realidades-del-emprendimiento\/\"},\"author\":{\"name\":\"fase1\",\"@id\":\"https:\/\/fase1.org\/en\/#\/schema\/person\/c157d0ac5214bbaf8b989beb08a5187d\"},\"headline\":\"Mitos y realidades del emprendimiento\",\"datePublished\":\"2021-12-20T18:56:54+00:00\",\"mainEntityOfPage\":{\"@id\":\"https:\/\/fase1.org\/en\/mitos-y-realidades-del-emprendimiento\/\"},\"wordCount\":2723,\"publisher\":{\"@id\":\"https:\/\/fase1.org\/en\/#organization\"},\"image\":{\"@id\":\"https:\/\/fase1.org\/en\/mitos-y-realidades-del-emprendimiento\/#primaryimage\"},\"thumbnailUrl\":\"https:\/\/fase1.org\/wp-content\/uploads\/2021\/12\/Blog-image-template-mitos-rev.jpg\",\"inLanguage\":\"en-US\"},{\"@type\":\"WebPage\",\"@id\":\"https:\/\/fase1.org\/en\/mitos-y-realidades-del-emprendimiento\/\",\"url\":\"https:\/\/fase1.org\/en\/mitos-y-realidades-del-emprendimiento\/\",\"name\":\"Mitos y realidades del emprendimiento - Fase1\",\"isPartOf\":{\"@id\":\"https:\/\/fase1.org\/en\/#website\"},\"primaryImageOfPage\":{\"@id\":\"https:\/\/fase1.org\/en\/mitos-y-realidades-del-emprendimiento\/#primaryimage\"},\"image\":{\"@id\":\"https:\/\/fase1.org\/en\/mitos-y-realidades-del-emprendimiento\/#primaryimage\"},\"thumbnailUrl\":\"https:\/\/fase1.org\/wp-content\/uploads\/2021\/12\/Blog-image-template-mitos-rev.jpg\",\"datePublished\":\"2021-12-20T18:56:54+00:00\",\"breadcrumb\":{\"@id\":\"https:\/\/fase1.org\/en\/mitos-y-realidades-del-emprendimiento\/#breadcrumb\"},\"inLanguage\":\"en-US\",\"potentialAction\":[{\"@type\":\"ReadAction\",\"target\":[\"https:\/\/fase1.org\/en\/mitos-y-realidades-del-emprendimiento\/\"]}]},{\"@type\":\"ImageObject\",\"inLanguage\":\"en-US\",\"@id\":\"https:\/\/fase1.org\/en\/mitos-y-realidades-del-emprendimiento\/#primaryimage\",\"url\":\"https:\/\/fase1.org\/wp-content\/uploads\/2021\/12\/Blog-image-template-mitos-rev.jpg\",\"contentUrl\":\"https:\/\/fase1.org\/wp-content\/uploads\/2021\/12\/Blog-image-template-mitos-rev.jpg\",\"width\":1525,\"height\":790},{\"@type\":\"BreadcrumbList\",\"@id\":\"https:\/\/fase1.org\/en\/mitos-y-realidades-del-emprendimiento\/#breadcrumb\",\"itemListElement\":[{\"@type\":\"ListItem\",\"position\":1,\"name\":\"Home\",\"item\":\"https:\/\/fase1.org\/en\/\"},{\"@type\":\"ListItem\",\"position\":2,\"name\":\"Mitos y realidades del emprendimiento\"}]},{\"@type\":\"WebSite\",\"@id\":\"https:\/\/fase1.org\/en\/#website\",\"url\":\"https:\/\/fase1.org\/en\/\",\"name\":\"Fase1\",\"description\":\"\",\"publisher\":{\"@id\":\"https:\/\/fase1.org\/en\/#organization\"},\"potentialAction\":[{\"@type\":\"SearchAction\",\"target\":{\"@type\":\"EntryPoint\",\"urlTemplate\":\"https:\/\/fase1.org\/en\/?s={search_term_string}\"},\"query-input\":{\"@type\":\"PropertyValueSpecification\",\"valueRequired\":true,\"valueName\":\"search_term_string\"}}],\"inLanguage\":\"en-US\"},{\"@type\":\"Organization\",\"@id\":\"https:\/\/fase1.org\/en\/#organization\",\"name\":\"Fase1\",\"url\":\"https:\/\/fase1.org\/en\/\",\"logo\":{\"@type\":\"ImageObject\",\"inLanguage\":\"en-US\",\"@id\":\"https:\/\/fase1.org\/en\/#\/schema\/logo\/image\/\",\"url\":\"https:\/\/fase1.org\/wp-content\/uploads\/2021\/11\/Fase-1-Logo.png\",\"contentUrl\":\"https:\/\/fase1.org\/wp-content\/uploads\/2021\/11\/Fase-1-Logo.png\",\"width\":94,\"height\":94,\"caption\":\"Fase1\"},\"image\":{\"@id\":\"https:\/\/fase1.org\/en\/#\/schema\/logo\/image\/\"}},{\"@type\":\"Person\",\"@id\":\"https:\/\/fase1.org\/en\/#\/schema\/person\/c157d0ac5214bbaf8b989beb08a5187d\",\"name\":\"fase1\",\"image\":{\"@type\":\"ImageObject\",\"inLanguage\":\"en-US\",\"@id\":\"https:\/\/secure.gravatar.com\/avatar\/e2102386e2aaf9893aca02dd13b816fee98701c798ca4552f52a001eeb04e643?s=96&d=mm&r=g\",\"url\":\"https:\/\/secure.gravatar.com\/avatar\/e2102386e2aaf9893aca02dd13b816fee98701c798ca4552f52a001eeb04e643?s=96&d=mm&r=g\",\"contentUrl\":\"https:\/\/secure.gravatar.com\/avatar\/e2102386e2aaf9893aca02dd13b816fee98701c798ca4552f52a001eeb04e643?s=96&d=mm&r=g\",\"caption\":\"fase1\"},\"sameAs\":[\"https:\/\/fase1.org\"],\"url\":\"https:\/\/fase1.org\/en\/author\/fase1\/\"}]}<\/script>\n<!-- \/ Yoast SEO plugin. -->","yoast_head_json":{"title":"Mitos y realidades del emprendimiento - Fase1","robots":{"index":"index","follow":"follow","max-snippet":"max-snippet:-1","max-image-preview":"max-image-preview:large","max-video-preview":"max-video-preview:-1"},"canonical":"https:\/\/fase1.org\/en\/mitos-y-realidades-del-emprendimiento\/","og_locale":"en_US","og_type":"article","og_title":"Mitos y realidades del emprendimiento - Fase1","og_description":"[vc_row full_width=&#8221;stretch_row&#8221;][vc_column width=&#8221;1\/6&#8243;][\/vc_column][vc_column width=&#8221;2\/3&#8243;][vc_column_text]Emprender, startups, tener tu propio negocio: todas son palabras y frases que han [&hellip;]","og_url":"https:\/\/fase1.org\/en\/mitos-y-realidades-del-emprendimiento\/","og_site_name":"Fase1","article_published_time":"2021-12-20T18:56:54+00:00","og_image":[{"width":1200,"height":628,"url":"https:\/\/fase1.org\/wp-content\/uploads\/2021\/11\/Fase1_OpenGraph.jpg","type":"image\/jpeg"}],"author":"fase1","twitter_card":"summary_large_image","twitter_misc":{"Written by":"fase1","Est. reading time":"14 minutes"},"schema":{"@context":"https:\/\/schema.org","@graph":[{"@type":"Article","@id":"https:\/\/fase1.org\/en\/mitos-y-realidades-del-emprendimiento\/#article","isPartOf":{"@id":"https:\/\/fase1.org\/en\/mitos-y-realidades-del-emprendimiento\/"},"author":{"name":"fase1","@id":"https:\/\/fase1.org\/en\/#\/schema\/person\/c157d0ac5214bbaf8b989beb08a5187d"},"headline":"Mitos y realidades del emprendimiento","datePublished":"2021-12-20T18:56:54+00:00","mainEntityOfPage":{"@id":"https:\/\/fase1.org\/en\/mitos-y-realidades-del-emprendimiento\/"},"wordCount":2723,"publisher":{"@id":"https:\/\/fase1.org\/en\/#organization"},"image":{"@id":"https:\/\/fase1.org\/en\/mitos-y-realidades-del-emprendimiento\/#primaryimage"},"thumbnailUrl":"https:\/\/fase1.org\/wp-content\/uploads\/2021\/12\/Blog-image-template-mitos-rev.jpg","inLanguage":"en-US"},{"@type":"WebPage","@id":"https:\/\/fase1.org\/en\/mitos-y-realidades-del-emprendimiento\/","url":"https:\/\/fase1.org\/en\/mitos-y-realidades-del-emprendimiento\/","name":"Mitos y realidades del emprendimiento - Fase1","isPartOf":{"@id":"https:\/\/fase1.org\/en\/#website"},"primaryImageOfPage":{"@id":"https:\/\/fase1.org\/en\/mitos-y-realidades-del-emprendimiento\/#primaryimage"},"image":{"@id":"https:\/\/fase1.org\/en\/mitos-y-realidades-del-emprendimiento\/#primaryimage"},"thumbnailUrl":"https:\/\/fase1.org\/wp-content\/uploads\/2021\/12\/Blog-image-template-mitos-rev.jpg","datePublished":"2021-12-20T18:56:54+00:00","breadcrumb":{"@id":"https:\/\/fase1.org\/en\/mitos-y-realidades-del-emprendimiento\/#breadcrumb"},"inLanguage":"en-US","potentialAction":[{"@type":"ReadAction","target":["https:\/\/fase1.org\/en\/mitos-y-realidades-del-emprendimiento\/"]}]},{"@type":"ImageObject","inLanguage":"en-US","@id":"https:\/\/fase1.org\/en\/mitos-y-realidades-del-emprendimiento\/#primaryimage","url":"https:\/\/fase1.org\/wp-content\/uploads\/2021\/12\/Blog-image-template-mitos-rev.jpg","contentUrl":"https:\/\/fase1.org\/wp-content\/uploads\/2021\/12\/Blog-image-template-mitos-rev.jpg","width":1525,"height":790},{"@type":"BreadcrumbList","@id":"https:\/\/fase1.org\/en\/mitos-y-realidades-del-emprendimiento\/#breadcrumb","itemListElement":[{"@type":"ListItem","position":1,"name":"Home","item":"https:\/\/fase1.org\/en\/"},{"@type":"ListItem","position":2,"name":"Mitos y realidades del emprendimiento"}]},{"@type":"WebSite","@id":"https:\/\/fase1.org\/en\/#website","url":"https:\/\/fase1.org\/en\/","name":"Fase1","description":"","publisher":{"@id":"https:\/\/fase1.org\/en\/#organization"},"potentialAction":[{"@type":"SearchAction","target":{"@type":"EntryPoint","urlTemplate":"https:\/\/fase1.org\/en\/?s={search_term_string}"},"query-input":{"@type":"PropertyValueSpecification","valueRequired":true,"valueName":"search_term_string"}}],"inLanguage":"en-US"},{"@type":"Organization","@id":"https:\/\/fase1.org\/en\/#organization","name":"Fase1","url":"https:\/\/fase1.org\/en\/","logo":{"@type":"ImageObject","inLanguage":"en-US","@id":"https:\/\/fase1.org\/en\/#\/schema\/logo\/image\/","url":"https:\/\/fase1.org\/wp-content\/uploads\/2021\/11\/Fase-1-Logo.png","contentUrl":"https:\/\/fase1.org\/wp-content\/uploads\/2021\/11\/Fase-1-Logo.png","width":94,"height":94,"caption":"Fase1"},"image":{"@id":"https:\/\/fase1.org\/en\/#\/schema\/logo\/image\/"}},{"@type":"Person","@id":"https:\/\/fase1.org\/en\/#\/schema\/person\/c157d0ac5214bbaf8b989beb08a5187d","name":"fase1","image":{"@type":"ImageObject","inLanguage":"en-US","@id":"https:\/\/secure.gravatar.com\/avatar\/e2102386e2aaf9893aca02dd13b816fee98701c798ca4552f52a001eeb04e643?s=96&d=mm&r=g","url":"https:\/\/secure.gravatar.com\/avatar\/e2102386e2aaf9893aca02dd13b816fee98701c798ca4552f52a001eeb04e643?s=96&d=mm&r=g","contentUrl":"https:\/\/secure.gravatar.com\/avatar\/e2102386e2aaf9893aca02dd13b816fee98701c798ca4552f52a001eeb04e643?s=96&d=mm&r=g","caption":"fase1"},"sameAs":["https:\/\/fase1.org"],"url":"https:\/\/fase1.org\/en\/author\/fase1\/"}]}},"featured_image_src":"https:\/\/fase1.org\/wp-content\/uploads\/2021\/12\/Blog-image-template-mitos-rev-600x400.jpg","featured_image_src_square":"https:\/\/fase1.org\/wp-content\/uploads\/2021\/12\/Blog-image-template-mitos-rev-600x600.jpg","author_info":{"display_name":"fase1","author_link":"https:\/\/fase1.org\/en\/author\/fase1\/"},"_links":{"self":[{"href":"https:\/\/fase1.org\/en\/wp-json\/wp\/v2\/posts\/749","targetHints":{"allow":["GET"]}}],"collection":[{"href":"https:\/\/fase1.org\/en\/wp-json\/wp\/v2\/posts"}],"about":[{"href":"https:\/\/fase1.org\/en\/wp-json\/wp\/v2\/types\/post"}],"author":[{"embeddable":true,"href":"https:\/\/fase1.org\/en\/wp-json\/wp\/v2\/users\/1"}],"replies":[{"embeddable":true,"href":"https:\/\/fase1.org\/en\/wp-json\/wp\/v2\/comments?post=749"}],"version-history":[{"count":0,"href":"https:\/\/fase1.org\/en\/wp-json\/wp\/v2\/posts\/749\/revisions"}],"wp:featuredmedia":[{"embeddable":true,"href":"https:\/\/fase1.org\/en\/wp-json\/wp\/v2\/media\/582"}],"wp:attachment":[{"href":"https:\/\/fase1.org\/en\/wp-json\/wp\/v2\/media?parent=749"}],"wp:term":[{"taxonomy":"category","embeddable":true,"href":"https:\/\/fase1.org\/en\/wp-json\/wp\/v2\/categories?post=749"},{"taxonomy":"post_tag","embeddable":true,"href":"https:\/\/fase1.org\/en\/wp-json\/wp\/v2\/tags?post=749"}],"curies":[{"name":"wp","href":"https:\/\/api.w.org\/{rel}","templated":true}]}}