{"id":747,"date":"2022-06-01T15:13:11","date_gmt":"2022-06-01T19:13:11","guid":{"rendered":"https:\/\/fase1.org\/la-convocatoria-de-fase1-intensive-termino\/"},"modified":"2022-06-01T15:13:11","modified_gmt":"2022-06-01T19:13:11","slug":"la-convocatoria-de-fase1-intensive-termino","status":"publish","type":"post","link":"https:\/\/fase1.org\/en\/la-convocatoria-de-fase1-intensive-termino\/","title":{"rendered":"La convocatoria de Fase1 Intensive termin\u00f3 \u00bfahora qu\u00e9 sigue?"},"content":{"rendered":"<div class=\"wpb-content-wrapper\"><p>[vc_row full_width=&#8221;stretch_row&#8221; css=&#8221;.vc_custom_1654185447508{padding-top: 14px !important;}&#8221;][vc_column width=&#8221;1\/6&#8243;][\/vc_column][vc_column width=&#8221;2\/3&#8243;][vc_column_text]<\/p>\n<h2>La convocatoria de Fase1 Intensive termin\u00f3 \u00bfahora qu\u00e9 sigue?<\/h2>\n<h3>Si fuiste una de las personas que solicit\u00f3 a la primera edici\u00f3n de la incubadora de Fase1, seguro te interesar\u00e1 saber cu\u00e1les son los pr\u00f3ximo pasos en el proceso. Aqu\u00ed te los explicamos.<\/h3>\n<p>Ahora que termin\u00f3 la convocatoria, el equipo de Fase1 y jueces externos comienzan un arduo proceso de evaluaci\u00f3n y selecci\u00f3n. Cada solicitud se revisa en detalle para asegurarnos que cumpla con cada uno de los requisitos y sea viable para participar de Fase1 Intensive. A continuaci\u00f3n te explicamos cada paso y cu\u00e1ndo se llevar\u00e1n a cabo.<\/p>\n<p style=\"text-align: center;\"><img decoding=\"async\" src=\"https:\/\/fase1.org\/wp-content\/uploads\/2022\/06\/Fase1_Blog_Junio.jpg\" alt=\"Fase1\" \/><\/p>\n<h3>Selecci\u00f3n y evaluaci\u00f3n interna | 2 al 9 de junio de 2022<\/h3>\n<p class=\"p1\">En esta primera etapa, el equipo de Fase1 realizar\u00e1 una evaluaci\u00f3n inicial para asegurarse de que la solicitud cumple con todos los requisitos. Para esto, la persona debe haber completado los modulos de Fase1 Lab y la solicitud de Intensive en su totalidad. En esta primera parte se eliminar\u00e1n todas las solicitudes que no cumplan con estos criterios b\u00e1sicos.<\/p>\n<h3>Selecci\u00f3n y evaluaci\u00f3n del comit\u00e9 externo | 9 al 15 de junio de 2022<\/h3>\n<p class=\"p1\">Todas aquellas solicitudes que hayan pasado la primera etapa ser\u00e1n evaluadas por un grupo de 3 a 5 jueces, externos al Programa de Fase1, expertos y mentores relacionados al desarrollo de ideas de negocios innovadores y escalables. Los jueces le asignar\u00e1n una puntuaci\u00f3n a cada solicitud e identificar\u00e1n las 50 solicitudes con mayor puntuaci\u00f3n.<\/p>\n<p class=\"p1\">Las 50 solicitudes con mayor puntuaci\u00f3n ser\u00e1n las escogidas para participar de Fase1 Intensive.<\/p>\n<h3>Aceptaci\u00f3n de participantes<\/h3>\n<p class=\"p1\">Una vez se hayan seleccionado las 50 solicitudes con mayor puntuaci\u00f3n, durante los pr\u00f3ximos 7 d\u00edas h\u00e1biles, el Programa informar\u00e1 a los solicitantes sobre la decisi\u00f3n final y les extender\u00e1 la oportunidad de unirse al programa.<\/p>\n<p class=\"p1\">Los participantes seleccionados tendr\u00e1n 7 d\u00edas h\u00e1biles para presentar su aceptaci\u00f3n junto a cualquier otro documento adicional requerido. De no hacerlo, se proceder\u00e1 a escoger al pr\u00f3ximo participante en lista de espera.<\/p>\n<h3>Anuncio formal de seleccionados | 16 de junio de 2022<\/h3>\n<p class=\"p1\">En el momento en que culmine el proceso anterior, Fase1 anunciar\u00e1 la conclusi\u00f3n del proceso de selecci\u00f3n y presentar\u00e1 formalmente a los participantes de Fase1 Intensive.<\/p>\n<h3>\u00a1Qu\u00e9 comience la acci\u00f3n! | 25 de junio de 2022<\/h3>\n<p class=\"p1\">El curr\u00edculo de Fase1 Intensive comenzar\u00e1, oficialmente, el s\u00e1bado, 25 de junio de 2022. 12 semanas llenas de aprendizaje y crecimiento para cada participante.<\/p>\n<p class=\"p1\">Te exhortamos a que est\u00e9s pendiente a tu e-mail y a nuestras redes sociales para las \u00faltimas actualizaciones del proceso post-convocatoria.<\/p>\n<p class=\"p1\">Si tienes alguna duda o pregunta sobre el proceso de evaluaci\u00f3n y selecci\u00f3n puedes escribirnos a <a href=\"mailto:fase1@prsciencetrust.org\">fase1@prsciencetrust.org<\/a> y con mucho gusto te asistiremos.<\/p>\n<p class=\"p1\">\u00a1Mucho \u00e9xito!<\/p>\n<p>[\/vc_column_text][\/vc_column][vc_column width=&#8221;1\/6&#8243;][\/vc_column][\/vc_row][vc_row full_width=&#8221;stretch_row&#8221; disable_element=&#8221;yes&#8221;][vc_column width=&#8221;1\/6&#8243;][\/vc_column][vc_column width=&#8221;2\/3&#8243;][vc_column_text]<\/p>\n<h2><strong>Trabaja en tu comunicaci\u00f3n<\/strong><\/h2>\n<p>La capacidad de expresarte y comunicarte con las personas es fundamental no solo en el empresarismo, sino tambi\u00e9n en muchos aspectos de la vida, por lo que si no es una de tus fortalezas, esta resoluci\u00f3n es adecuada para ti. Si no puedes comunicar adecuadamente tus ideas y qu\u00e9 est\u00e1s tratando de solucionar, tus colegas y tus clientes perder\u00e1n inter\u00e9s. Aqu\u00ed tres consejos para que comiences a mejorar tu comunicaci\u00f3n:<\/p>\n<ul>\n<li>No sobre-expliques las cosas. Comunica tu mensaje con precisi\u00f3n y concisi\u00f3n, sin darle vueltas al asunto.<\/li>\n<li>Practica la <a href=\"https:\/\/www.forbes.com\/sites\/womensmedia\/2012\/11\/09\/10-steps-to-effective-listening\/?sh=4153b29b3891\">escucha activa<\/a>. Presta atenci\u00f3n, no interrumpas, provee retroalimentaci\u00f3n y no juzgues lo que las otras personas te est\u00e1n tratando de comunicar.<\/li>\n<li>S\u00e9 consciente de tu comunicaci\u00f3n no verbal. Las expresiones corporales y faciales pueden revelar mucho sobre lo que uno piensa, por lo que debes estar consciente de tu postura y expresiones faciales.<\/li>\n<\/ul>\n<p>[\/vc_column_text][\/vc_column][vc_column width=&#8221;1\/6&#8243;][\/vc_column][\/vc_row][vc_row disable_element=&#8221;yes&#8221;][vc_column width=&#8221;1\/6&#8243;][\/vc_column][vc_column width=&#8221;2\/3&#8243;][vc_row_inner][vc_column_inner width=&#8221;1\/3&#8243;][vc_single_image image=&#8221;344&#8243; img_size=&#8221;full&#8221; alignment=&#8221;center&#8221;][\/vc_column_inner][vc_column_inner width=&#8221;1\/3&#8243;][vc_single_image image=&#8221;345&#8243; img_size=&#8221;full&#8221; alignment=&#8221;center&#8221;][\/vc_column_inner][vc_column_inner width=&#8221;1\/3&#8243;][vc_single_image image=&#8221;346&#8243; img_size=&#8221;full&#8221; alignment=&#8221;center&#8221;][\/vc_column_inner][\/vc_row_inner][\/vc_column][vc_column width=&#8221;1\/6&#8243;][\/vc_column][\/vc_row][vc_row full_width=&#8221;stretch_row&#8221; disable_element=&#8221;yes&#8221;][vc_column width=&#8221;1\/6&#8243;][\/vc_column][vc_column width=&#8221;2\/3&#8243;][vc_column_text]<\/p>\n<h2><strong>Organ\u00edzate<\/strong><\/h2>\n<p>La organizaci\u00f3n es fundamental para completar cualquier tipo de proyecto. Organizar tus responsabilidades te permite concentrarte en tus prioridades en vez de distraerte con cosas menos importantes. Empieza por:<\/p>\n<ul>\n<li>Mantener tu agenda al d\u00eda<\/li>\n<li>Crear metas alcanzables diariamente<\/li>\n<li>Definir tus prioridades<\/li>\n<li>Administrar tu tiempo eficientemente<\/li>\n<li>Delegar tareas<\/li>\n<\/ul>\n<h2><strong>Encuentra o cambia tu rumbo profesional<\/strong><\/h2>\n<p>Quiz\u00e1s ya est\u00e9s en ese punto en el cual quieres darle un giro a tu vida o quiz\u00e1s todav\u00eda est\u00e1s estudiando, pero no tienes ni idea sobre qu\u00e9 hacer cuando te grad\u00faes. Darle un giro a tu vida profesional o pensar en rumbos alternativos, puede ser la soluci\u00f3n si est\u00e1s pasando por una de estas situaciones. Para comenzar, no necesitas saber nada de emprendimiento. Solo necesitas ganas y motivaci\u00f3n para hacerlo. El programa de incubaci\u00f3n, Fase1, ofrece m\u00f3dulos f\u00e1ciles de entender para que aprendas desde los fundamentos del emprendimiento hasta la generaci\u00f3n de una idea. Lo mejor de todo es que el programa es online y gratis pues creemos que cualquier persona que desee emprender puede lograrlo. \u00bfListo para emprender? Visita fase1.org y reg\u00edstrate en nuestro programa.<\/p>\n<p>As\u00ed que considera implementar algunas de estas resoluciones a tu lista de resoluciones y no olvides enfocarte en tus objetivos para poder cumplirlos durante el resto del a\u00f1o.[\/vc_column_text][\/vc_column][vc_column width=&#8221;1\/6&#8243;][\/vc_column][\/vc_row][vc_row full_width=&#8221;stretch_row&#8221; disable_element=&#8221;yes&#8221;][vc_column width=&#8221;1\/6&#8243;][\/vc_column][vc_column width=&#8221;2\/3&#8243;][vc_single_image image=&#8221;347&#8243; img_size=&#8221;full&#8221; alignment=&#8221;center&#8221;][\/vc_column][vc_column width=&#8221;1\/6&#8243;][\/vc_column][\/vc_row][vc_row full_width=&#8221;stretch_row&#8221; disable_element=&#8221;yes&#8221;][vc_column width=&#8221;1\/6&#8243;][\/vc_column][vc_column width=&#8221;2\/3&#8243;][vc_column_text]<\/p>\n<h2><strong>Referencias:<\/strong><\/h2>\n<p><a href=\"https:\/\/www.themuse.com\/advice\/why-entrepreneurs-should-just-say-no\">https:\/\/www.themuse.com\/advice\/why-entrepreneurs-should-just-say-no<\/a><\/p>\n<p><a href=\"https:\/\/www.forbes.com\/sites\/ryanrobinson\/2019\/12\/13\/communication-skills-entrepreneurs\/?sh=77d98b6a78b5\">https:\/\/www.forbes.com\/sites\/ryanrobinson\/2019\/12\/13\/communication-skills-entrepreneurs\/?sh=77d98b6a78b5<\/a><\/p>\n<p><a href=\"https:\/\/www.forbes.com\/sites\/womensmedia\/2012\/11\/09\/10-steps-to-effective-listening\/?sh=4153b29b3891\">https:\/\/www.forbes.com\/sites\/womensmedia\/2012\/11\/09\/10-steps-to-effective-listening\/?sh=4153b29b3891<\/a><\/p>\n<p><a href=\"https:\/\/www.inc.com\/john-brandon\/how-these-7-entrepreneurs-stay-super-organized.html\">https:\/\/www.inc.com\/john-brandon\/how-these-7-entrepreneurs-stay-super-organized.html<\/a><\/p>\n<p><a href=\"https:\/\/www.forbes.com\/sites\/neilpatel\/2016\/02\/18\/how-the-best-entrepreneurs-stay-super-organized\/?sh=78da34550087\">https:\/\/www.forbes.com\/sites\/neilpatel\/2016\/02\/18\/how-the-best-entrepreneurs-stay-super-organized\/?sh=78da34550087<\/a><\/p>\n<p><a href=\"https:\/\/www.forbes.com\/sites\/theyec\/2022\/01\/18\/10-new-years-resolutions-every-business-owner-should-make-for-2022\/?sh=4824e5063888\">https:\/\/www.forbes.com\/sites\/theyec\/2022\/01\/18\/10-new-years-resolutions-every-business-owner-should-make-for-2022\/?sh=4824e5063888<\/a>[\/vc_column_text][\/vc_column][vc_column width=&#8221;1\/6&#8243;][\/vc_column][\/vc_row]<\/p>\n<\/div>","protected":false},"excerpt":{"rendered":"<p>[vc_row full_width=&#8221;stretch_row&#8221; css=&#8221;.vc_custom_1654185447508{padding-top: 14px !important;}&#8221;][vc_column width=&#8221;1\/6&#8243;][\/vc_column][vc_column width=&#8221;2\/3&#8243;][vc_column_text] La convocatoria de Fase1 Intensive termin\u00f3 \u00bfahora qu\u00e9 sigue? [&hellip;]<\/p>\n","protected":false},"author":4,"featured_media":691,"comment_status":"closed","ping_status":"closed","sticky":false,"template":"","format":"standard","meta":{"content-type":"","site-sidebar-layout":"default","site-content-layout":"default","ast-site-content-layout":"default","site-content-style":"default","site-sidebar-style":"default","ast-global-header-display":"","ast-banner-title-visibility":"","ast-main-header-display":"","ast-hfb-above-header-display":"","ast-hfb-below-header-display":"","ast-hfb-mobile-header-display":"","site-post-title":"","ast-breadcrumbs-content":"","ast-featured-img":"","footer-sml-layout":"","ast-disable-related-posts":"","theme-transparent-header-meta":"default","adv-header-id-meta":"","stick-header-meta":"default","header-above-stick-meta":"","header-main-stick-meta":"","header-below-stick-meta":"","astra-migrate-meta-layouts":"default","ast-page-background-enabled":"default","ast-page-background-meta":{"desktop":{"background-color":"var(--ast-global-color-4)","background-image":"","background-repeat":"repeat","background-position":"center center","background-size":"auto","background-attachment":"scroll","background-type":"","background-media":"","overlay-type":"","overlay-color":"","overlay-opacity":"","overlay-gradient":""},"tablet":{"background-color":"","background-image":"","background-repeat":"repeat","background-position":"center center","background-size":"auto","background-attachment":"scroll","background-type":"","background-media":"","overlay-type":"","overlay-color":"","overlay-opacity":"","overlay-gradient":""},"mobile":{"background-color":"","background-image":"","background-repeat":"repeat","background-position":"center center","background-size":"auto","background-attachment":"scroll","background-type":"","background-media":"","overlay-type":"","overlay-color":"","overlay-opacity":"","overlay-gradient":""}},"ast-content-background-meta":{"desktop":{"background-color":"var(--ast-global-color-5)","background-image":"","background-repeat":"repeat","background-position":"center center","background-size":"auto","background-attachment":"scroll","background-type":"","background-media":"","overlay-type":"","overlay-color":"","overlay-opacity":"","overlay-gradient":""},"tablet":{"background-color":"var(--ast-global-color-5)","background-image":"","background-repeat":"repeat","background-position":"center center","background-size":"auto","background-attachment":"scroll","background-type":"","background-media":"","overlay-type":"","overlay-color":"","overlay-opacity":"","overlay-gradient":""},"mobile":{"background-color":"var(--ast-global-color-5)","background-image":"","background-repeat":"repeat","background-position":"center center","background-size":"auto","background-attachment":"scroll","background-type":"","background-media":"","overlay-type":"","overlay-color":"","overlay-opacity":"","overlay-gradient":""}},"footnotes":""},"categories":[7],"tags":[],"class_list":["post-747","post","type-post","status-publish","format-standard","has-post-thumbnail","hentry","category-uncategorized"],"yoast_head":"<!-- This site is optimized with the Yoast SEO plugin v27.2 - https:\/\/yoast.com\/product\/yoast-seo-wordpress\/ -->\n<title>La convocatoria de Fase1 Intensive termin\u00f3 \u00bfahora qu\u00e9 sigue? - Fase1<\/title>\n<meta name=\"robots\" content=\"index, follow, max-snippet:-1, max-image-preview:large, max-video-preview:-1\" \/>\n<link rel=\"canonical\" href=\"https:\/\/fase1.org\/en\/la-convocatoria-de-fase1-intensive-termino\/\" \/>\n<meta property=\"og:locale\" content=\"en_US\" \/>\n<meta property=\"og:type\" content=\"article\" \/>\n<meta property=\"og:title\" content=\"La convocatoria de Fase1 Intensive termin\u00f3 \u00bfahora qu\u00e9 sigue? - Fase1\" \/>\n<meta property=\"og:description\" content=\"[vc_row full_width=&#8221;stretch_row&#8221; css=&#8221;.vc_custom_1654185447508{padding-top: 14px !important;}&#8221;][vc_column width=&#8221;1\/6&#8243;][\/vc_column][vc_column width=&#8221;2\/3&#8243;][vc_column_text] La convocatoria de Fase1 Intensive termin\u00f3 \u00bfahora qu\u00e9 sigue? [&hellip;]\" \/>\n<meta property=\"og:url\" content=\"https:\/\/fase1.org\/en\/la-convocatoria-de-fase1-intensive-termino\/\" \/>\n<meta property=\"og:site_name\" content=\"Fase1\" \/>\n<meta property=\"article:published_time\" content=\"2022-06-01T19:13:11+00:00\" \/>\n<meta property=\"og:image\" content=\"https:\/\/fase1.org\/wp-content\/uploads\/2022\/06\/Fase1_Blog_Junio.jpg\" \/>\n<meta name=\"author\" content=\"Luis\" \/>\n<meta name=\"twitter:card\" content=\"summary_large_image\" \/>\n<meta name=\"twitter:label1\" content=\"Written by\" \/>\n\t<meta name=\"twitter:data1\" content=\"Luis\" \/>\n\t<meta name=\"twitter:label2\" content=\"Est. reading time\" \/>\n\t<meta name=\"twitter:data2\" content=\"6 minutes\" \/>\n<script type=\"application\/ld+json\" class=\"yoast-schema-graph\">{\"@context\":\"https:\/\/schema.org\",\"@graph\":[{\"@type\":\"Article\",\"@id\":\"https:\/\/fase1.org\/en\/la-convocatoria-de-fase1-intensive-termino\/#article\",\"isPartOf\":{\"@id\":\"https:\/\/fase1.org\/en\/la-convocatoria-de-fase1-intensive-termino\/\"},\"author\":{\"name\":\"Luis\",\"@id\":\"https:\/\/fase1.org\/en\/#\/schema\/person\/f99436425f4782769b67ff40b83cb77b\"},\"headline\":\"La convocatoria de Fase1 Intensive termin\u00f3 \u00bfahora qu\u00e9 sigue?\",\"datePublished\":\"2022-06-01T19:13:11+00:00\",\"mainEntityOfPage\":{\"@id\":\"https:\/\/fase1.org\/en\/la-convocatoria-de-fase1-intensive-termino\/\"},\"wordCount\":1149,\"publisher\":{\"@id\":\"https:\/\/fase1.org\/en\/#organization\"},\"image\":{\"@id\":\"https:\/\/fase1.org\/en\/la-convocatoria-de-fase1-intensive-termino\/#primaryimage\"},\"thumbnailUrl\":\"https:\/\/fase1.org\/wp-content\/uploads\/2022\/06\/Blog-image-template-cerrar.png\",\"inLanguage\":\"en-US\"},{\"@type\":\"WebPage\",\"@id\":\"https:\/\/fase1.org\/en\/la-convocatoria-de-fase1-intensive-termino\/\",\"url\":\"https:\/\/fase1.org\/en\/la-convocatoria-de-fase1-intensive-termino\/\",\"name\":\"La convocatoria de Fase1 Intensive termin\u00f3 \u00bfahora qu\u00e9 sigue? - Fase1\",\"isPartOf\":{\"@id\":\"https:\/\/fase1.org\/en\/#website\"},\"primaryImageOfPage\":{\"@id\":\"https:\/\/fase1.org\/en\/la-convocatoria-de-fase1-intensive-termino\/#primaryimage\"},\"image\":{\"@id\":\"https:\/\/fase1.org\/en\/la-convocatoria-de-fase1-intensive-termino\/#primaryimage\"},\"thumbnailUrl\":\"https:\/\/fase1.org\/wp-content\/uploads\/2022\/06\/Blog-image-template-cerrar.png\",\"datePublished\":\"2022-06-01T19:13:11+00:00\",\"breadcrumb\":{\"@id\":\"https:\/\/fase1.org\/en\/la-convocatoria-de-fase1-intensive-termino\/#breadcrumb\"},\"inLanguage\":\"en-US\",\"potentialAction\":[{\"@type\":\"ReadAction\",\"target\":[\"https:\/\/fase1.org\/en\/la-convocatoria-de-fase1-intensive-termino\/\"]}]},{\"@type\":\"ImageObject\",\"inLanguage\":\"en-US\",\"@id\":\"https:\/\/fase1.org\/en\/la-convocatoria-de-fase1-intensive-termino\/#primaryimage\",\"url\":\"https:\/\/fase1.org\/wp-content\/uploads\/2022\/06\/Blog-image-template-cerrar.png\",\"contentUrl\":\"https:\/\/fase1.org\/wp-content\/uploads\/2022\/06\/Blog-image-template-cerrar.png\",\"width\":1525,\"height\":790},{\"@type\":\"BreadcrumbList\",\"@id\":\"https:\/\/fase1.org\/en\/la-convocatoria-de-fase1-intensive-termino\/#breadcrumb\",\"itemListElement\":[{\"@type\":\"ListItem\",\"position\":1,\"name\":\"Home\",\"item\":\"https:\/\/fase1.org\/en\/\"},{\"@type\":\"ListItem\",\"position\":2,\"name\":\"La convocatoria de Fase1 Intensive termin\u00f3 \u00bfahora qu\u00e9 sigue?\"}]},{\"@type\":\"WebSite\",\"@id\":\"https:\/\/fase1.org\/en\/#website\",\"url\":\"https:\/\/fase1.org\/en\/\",\"name\":\"Fase1\",\"description\":\"\",\"publisher\":{\"@id\":\"https:\/\/fase1.org\/en\/#organization\"},\"potentialAction\":[{\"@type\":\"SearchAction\",\"target\":{\"@type\":\"EntryPoint\",\"urlTemplate\":\"https:\/\/fase1.org\/en\/?s={search_term_string}\"},\"query-input\":{\"@type\":\"PropertyValueSpecification\",\"valueRequired\":true,\"valueName\":\"search_term_string\"}}],\"inLanguage\":\"en-US\"},{\"@type\":\"Organization\",\"@id\":\"https:\/\/fase1.org\/en\/#organization\",\"name\":\"Fase1\",\"url\":\"https:\/\/fase1.org\/en\/\",\"logo\":{\"@type\":\"ImageObject\",\"inLanguage\":\"en-US\",\"@id\":\"https:\/\/fase1.org\/en\/#\/schema\/logo\/image\/\",\"url\":\"https:\/\/fase1.org\/wp-content\/uploads\/2021\/11\/Fase-1-Logo.png\",\"contentUrl\":\"https:\/\/fase1.org\/wp-content\/uploads\/2021\/11\/Fase-1-Logo.png\",\"width\":94,\"height\":94,\"caption\":\"Fase1\"},\"image\":{\"@id\":\"https:\/\/fase1.org\/en\/#\/schema\/logo\/image\/\"}},{\"@type\":\"Person\",\"@id\":\"https:\/\/fase1.org\/en\/#\/schema\/person\/f99436425f4782769b67ff40b83cb77b\",\"name\":\"Luis\",\"image\":{\"@type\":\"ImageObject\",\"inLanguage\":\"en-US\",\"@id\":\"https:\/\/secure.gravatar.com\/avatar\/59bc17d44ef69f09765231c196ca47132bbe8b8dec771bb06845207edf8a3207?s=96&d=mm&r=g\",\"url\":\"https:\/\/secure.gravatar.com\/avatar\/59bc17d44ef69f09765231c196ca47132bbe8b8dec771bb06845207edf8a3207?s=96&d=mm&r=g\",\"contentUrl\":\"https:\/\/secure.gravatar.com\/avatar\/59bc17d44ef69f09765231c196ca47132bbe8b8dec771bb06845207edf8a3207?s=96&d=mm&r=g\",\"caption\":\"Luis\"},\"url\":\"https:\/\/fase1.org\/en\/author\/luis\/\"}]}<\/script>\n<!-- \/ Yoast SEO plugin. -->","yoast_head_json":{"title":"La convocatoria de Fase1 Intensive termin\u00f3 \u00bfahora qu\u00e9 sigue? - Fase1","robots":{"index":"index","follow":"follow","max-snippet":"max-snippet:-1","max-image-preview":"max-image-preview:large","max-video-preview":"max-video-preview:-1"},"canonical":"https:\/\/fase1.org\/en\/la-convocatoria-de-fase1-intensive-termino\/","og_locale":"en_US","og_type":"article","og_title":"La convocatoria de Fase1 Intensive termin\u00f3 \u00bfahora qu\u00e9 sigue? - Fase1","og_description":"[vc_row full_width=&#8221;stretch_row&#8221; css=&#8221;.vc_custom_1654185447508{padding-top: 14px !important;}&#8221;][vc_column width=&#8221;1\/6&#8243;][\/vc_column][vc_column width=&#8221;2\/3&#8243;][vc_column_text] La convocatoria de Fase1 Intensive termin\u00f3 \u00bfahora qu\u00e9 sigue? [&hellip;]","og_url":"https:\/\/fase1.org\/en\/la-convocatoria-de-fase1-intensive-termino\/","og_site_name":"Fase1","article_published_time":"2022-06-01T19:13:11+00:00","og_image":[{"url":"https:\/\/fase1.org\/wp-content\/uploads\/2022\/06\/Fase1_Blog_Junio.jpg","type":"","width":"","height":""}],"author":"Luis","twitter_card":"summary_large_image","twitter_misc":{"Written by":"Luis","Est. reading time":"6 minutes"},"schema":{"@context":"https:\/\/schema.org","@graph":[{"@type":"Article","@id":"https:\/\/fase1.org\/en\/la-convocatoria-de-fase1-intensive-termino\/#article","isPartOf":{"@id":"https:\/\/fase1.org\/en\/la-convocatoria-de-fase1-intensive-termino\/"},"author":{"name":"Luis","@id":"https:\/\/fase1.org\/en\/#\/schema\/person\/f99436425f4782769b67ff40b83cb77b"},"headline":"La convocatoria de Fase1 Intensive termin\u00f3 \u00bfahora qu\u00e9 sigue?","datePublished":"2022-06-01T19:13:11+00:00","mainEntityOfPage":{"@id":"https:\/\/fase1.org\/en\/la-convocatoria-de-fase1-intensive-termino\/"},"wordCount":1149,"publisher":{"@id":"https:\/\/fase1.org\/en\/#organization"},"image":{"@id":"https:\/\/fase1.org\/en\/la-convocatoria-de-fase1-intensive-termino\/#primaryimage"},"thumbnailUrl":"https:\/\/fase1.org\/wp-content\/uploads\/2022\/06\/Blog-image-template-cerrar.png","inLanguage":"en-US"},{"@type":"WebPage","@id":"https:\/\/fase1.org\/en\/la-convocatoria-de-fase1-intensive-termino\/","url":"https:\/\/fase1.org\/en\/la-convocatoria-de-fase1-intensive-termino\/","name":"La convocatoria de Fase1 Intensive termin\u00f3 \u00bfahora qu\u00e9 sigue? - Fase1","isPartOf":{"@id":"https:\/\/fase1.org\/en\/#website"},"primaryImageOfPage":{"@id":"https:\/\/fase1.org\/en\/la-convocatoria-de-fase1-intensive-termino\/#primaryimage"},"image":{"@id":"https:\/\/fase1.org\/en\/la-convocatoria-de-fase1-intensive-termino\/#primaryimage"},"thumbnailUrl":"https:\/\/fase1.org\/wp-content\/uploads\/2022\/06\/Blog-image-template-cerrar.png","datePublished":"2022-06-01T19:13:11+00:00","breadcrumb":{"@id":"https:\/\/fase1.org\/en\/la-convocatoria-de-fase1-intensive-termino\/#breadcrumb"},"inLanguage":"en-US","potentialAction":[{"@type":"ReadAction","target":["https:\/\/fase1.org\/en\/la-convocatoria-de-fase1-intensive-termino\/"]}]},{"@type":"ImageObject","inLanguage":"en-US","@id":"https:\/\/fase1.org\/en\/la-convocatoria-de-fase1-intensive-termino\/#primaryimage","url":"https:\/\/fase1.org\/wp-content\/uploads\/2022\/06\/Blog-image-template-cerrar.png","contentUrl":"https:\/\/fase1.org\/wp-content\/uploads\/2022\/06\/Blog-image-template-cerrar.png","width":1525,"height":790},{"@type":"BreadcrumbList","@id":"https:\/\/fase1.org\/en\/la-convocatoria-de-fase1-intensive-termino\/#breadcrumb","itemListElement":[{"@type":"ListItem","position":1,"name":"Home","item":"https:\/\/fase1.org\/en\/"},{"@type":"ListItem","position":2,"name":"La convocatoria de Fase1 Intensive termin\u00f3 \u00bfahora qu\u00e9 sigue?"}]},{"@type":"WebSite","@id":"https:\/\/fase1.org\/en\/#website","url":"https:\/\/fase1.org\/en\/","name":"Fase1","description":"","publisher":{"@id":"https:\/\/fase1.org\/en\/#organization"},"potentialAction":[{"@type":"SearchAction","target":{"@type":"EntryPoint","urlTemplate":"https:\/\/fase1.org\/en\/?s={search_term_string}"},"query-input":{"@type":"PropertyValueSpecification","valueRequired":true,"valueName":"search_term_string"}}],"inLanguage":"en-US"},{"@type":"Organization","@id":"https:\/\/fase1.org\/en\/#organization","name":"Fase1","url":"https:\/\/fase1.org\/en\/","logo":{"@type":"ImageObject","inLanguage":"en-US","@id":"https:\/\/fase1.org\/en\/#\/schema\/logo\/image\/","url":"https:\/\/fase1.org\/wp-content\/uploads\/2021\/11\/Fase-1-Logo.png","contentUrl":"https:\/\/fase1.org\/wp-content\/uploads\/2021\/11\/Fase-1-Logo.png","width":94,"height":94,"caption":"Fase1"},"image":{"@id":"https:\/\/fase1.org\/en\/#\/schema\/logo\/image\/"}},{"@type":"Person","@id":"https:\/\/fase1.org\/en\/#\/schema\/person\/f99436425f4782769b67ff40b83cb77b","name":"Luis","image":{"@type":"ImageObject","inLanguage":"en-US","@id":"https:\/\/secure.gravatar.com\/avatar\/59bc17d44ef69f09765231c196ca47132bbe8b8dec771bb06845207edf8a3207?s=96&d=mm&r=g","url":"https:\/\/secure.gravatar.com\/avatar\/59bc17d44ef69f09765231c196ca47132bbe8b8dec771bb06845207edf8a3207?s=96&d=mm&r=g","contentUrl":"https:\/\/secure.gravatar.com\/avatar\/59bc17d44ef69f09765231c196ca47132bbe8b8dec771bb06845207edf8a3207?s=96&d=mm&r=g","caption":"Luis"},"url":"https:\/\/fase1.org\/en\/author\/luis\/"}]}},"featured_image_src":"https:\/\/fase1.org\/wp-content\/uploads\/2022\/06\/Blog-image-template-cerrar-600x400.png","featured_image_src_square":"https:\/\/fase1.org\/wp-content\/uploads\/2022\/06\/Blog-image-template-cerrar-600x600.png","author_info":{"display_name":"Luis","author_link":"https:\/\/fase1.org\/en\/author\/luis\/"},"_links":{"self":[{"href":"https:\/\/fase1.org\/en\/wp-json\/wp\/v2\/posts\/747","targetHints":{"allow":["GET"]}}],"collection":[{"href":"https:\/\/fase1.org\/en\/wp-json\/wp\/v2\/posts"}],"about":[{"href":"https:\/\/fase1.org\/en\/wp-json\/wp\/v2\/types\/post"}],"author":[{"embeddable":true,"href":"https:\/\/fase1.org\/en\/wp-json\/wp\/v2\/users\/4"}],"replies":[{"embeddable":true,"href":"https:\/\/fase1.org\/en\/wp-json\/wp\/v2\/comments?post=747"}],"version-history":[{"count":0,"href":"https:\/\/fase1.org\/en\/wp-json\/wp\/v2\/posts\/747\/revisions"}],"wp:featuredmedia":[{"embeddable":true,"href":"https:\/\/fase1.org\/en\/wp-json\/wp\/v2\/media\/691"}],"wp:attachment":[{"href":"https:\/\/fase1.org\/en\/wp-json\/wp\/v2\/media?parent=747"}],"wp:term":[{"taxonomy":"category","embeddable":true,"href":"https:\/\/fase1.org\/en\/wp-json\/wp\/v2\/categories?post=747"},{"taxonomy":"post_tag","embeddable":true,"href":"https:\/\/fase1.org\/en\/wp-json\/wp\/v2\/tags?post=747"}],"curies":[{"name":"wp","href":"https:\/\/api.w.org\/{rel}","templated":true}]}}